{"id":207,"date":"2023-05-06T04:46:00","date_gmt":"2023-05-06T04:46:00","guid":{"rendered":"https:\/\/aarsberetning.fjordnorway.com\/2022\/?p=207"},"modified":"2023-05-25T08:00:48","modified_gmt":"2023-05-25T08:00:48","slug":"statistikk-og-trafikkutvikling","status":"publish","type":"post","link":"https:\/\/aarsberetning.fjordnorway.com\/2022\/statistikk-og-trafikkutvikling\/","title":{"rendered":"Statistikk, trafikkutvikling og fremtidsutsikter"},"content":{"rendered":"\n<h4 class=\"wp-block-heading\">Kommersielle gjested\u00f8gn p\u00e5 Vestlandet 2022 sammenlignet med nasjonal utvikling.<\/h4>\n\n\n\n<p>N\u00e5r det gjelder trafikal utvikling, har sommersesongen i \u00e5r vist at reiselivet p\u00e5 Vestlandet er helt avhengig av internasjonale bes\u00f8kende. Konkurransen om nordmenn var hardere fordi tilbudet av utlandsferier var stort. I tillegg var det en regntung juli m\u00e5ned som gjorde at mange nordmenn endret reiseplaner f\u00f8r eller underveis for \u00e5 komme til steder med bedre v\u00e6re. Gode avbestillingsfrister gjorde at man mange steder kunne kansellere bookingen sin tett opp til ankomst, noe som gjorde det krevende for overnattingsbedriftene \u00e5 finne gjester fra utlandet i stedet.<\/p>\n\n\n\n<p>I perioden juni til august mistet Vestlandet 24% av norske kommersielle gjested\u00f8gn sammenlignet med 2021. Likevel er det flere norske gjested\u00f8gn p\u00e5 Vestlandet, sammenlignet med normal\u00e5ret 2019. Det er positivt.<\/p>\n\n\n\n<p>I samme periode var det positiv utvikling i kommersielle gjested\u00f8gn fra bes\u00f8kende fra en del internasjonale markeder, men vi ligger fortsatt under 2019-niv\u00e5et. Veksten er prim\u00e6rt drevet frem av \u00f8kt bes\u00f8k fra de to st\u00f8rste volummarkedene Tyskland og Nederland, i tillegg til \u00f8kning fra Danmark, Belgia, Sveits og en rekke mindre markeder. USA er den tredje st\u00f8rste nasjonaliteten m\u00e5lt i antall gjested\u00f8gn, og skyldes en god kombinasjon av regionens attraktivitet, h\u00f8y dollarkurs og god tilgjengelighet.<\/p>\n","protected":false},"excerpt":{"rendered":"<p>Kommersielle gjested\u00f8gn p\u00e5 Vestlandet 2022 sammenlignet med nasjonal utvikling. N\u00e5r det gjelder trafikal utvikling, har sommersesongen i \u00e5r vist at reiselivet p\u00e5 Vestlandet er helt avhengig av internasjonale bes\u00f8kende. Konkurransen om nordmenn var hardere fordi tilbudet av utlandsferier var stort. I tillegg var det en regntung juli m\u00e5ned som gjorde at mange nordmenn endret reiseplaner [&hellip;]<\/p>\n","protected":false},"author":1,"featured_media":931,"comment_status":"open","ping_status":"open","sticky":false,"template":"","format":"standard","meta":{"_acf_changed":false,"_seopress_robots_primary_cat":"none","_seopress_titles_title":"","_seopress_titles_desc":"","_seopress_robots_index":"","footnotes":""},"categories":[1],"tags":[],"class_list":["post-207","post","type-post","status-publish","format-standard","has-post-thumbnail","hentry","category-uncategorized"],"acf":[],"_links":{"self":[{"href":"https:\/\/aarsberetning.fjordnorway.com\/2022\/wp-json\/wp\/v2\/posts\/207","targetHints":{"allow":["GET"]}}],"collection":[{"href":"https:\/\/aarsberetning.fjordnorway.com\/2022\/wp-json\/wp\/v2\/posts"}],"about":[{"href":"https:\/\/aarsberetning.fjordnorway.com\/2022\/wp-json\/wp\/v2\/types\/post"}],"author":[{"embeddable":true,"href":"https:\/\/aarsberetning.fjordnorway.com\/2022\/wp-json\/wp\/v2\/users\/1"}],"replies":[{"embeddable":true,"href":"https:\/\/aarsberetning.fjordnorway.com\/2022\/wp-json\/wp\/v2\/comments?post=207"}],"version-history":[{"count":19,"href":"https:\/\/aarsberetning.fjordnorway.com\/2022\/wp-json\/wp\/v2\/posts\/207\/revisions"}],"predecessor-version":[{"id":1266,"href":"https:\/\/aarsberetning.fjordnorway.com\/2022\/wp-json\/wp\/v2\/posts\/207\/revisions\/1266"}],"wp:featuredmedia":[{"embeddable":true,"href":"https:\/\/aarsberetning.fjordnorway.com\/2022\/wp-json\/wp\/v2\/media\/931"}],"wp:attachment":[{"href":"https:\/\/aarsberetning.fjordnorway.com\/2022\/wp-json\/wp\/v2\/media?parent=207"}],"wp:term":[{"taxonomy":"category","embeddable":true,"href":"https:\/\/aarsberetning.fjordnorway.com\/2022\/wp-json\/wp\/v2\/categories?post=207"},{"taxonomy":"post_tag","embeddable":true,"href":"https:\/\/aarsberetning.fjordnorway.com\/2022\/wp-json\/wp\/v2\/tags?post=207"}],"curies":[{"name":"wp","href":"https:\/\/api.w.org\/{rel}","templated":true}]}}