{"id":266,"date":"2025-04-18T08:09:00","date_gmt":"2025-04-18T06:09:00","guid":{"rendered":"https:\/\/aarsberetning.fjordnorway.com\/2024\/?p=266"},"modified":"2025-06-04T14:10:25","modified_gmt":"2025-06-04T12:10:25","slug":"merkevaren-fjord-norway","status":"publish","type":"post","link":"https:\/\/aarsberetning.fjordnorway.com\/2024\/merkevaren-fjord-norway\/","title":{"rendered":"Merkevaren Fjord Norway"},"content":{"rendered":"\n<p><strong>I 32 \u00e5r <\/strong>har reiselivet p\u00e5 Vestlandet jobbet samlet om \u00e5 gj\u00f8re landsdelen internasjonalt synlig og kjent gjennom merkevaren \u00abFjord Norway\u00bb. Dette har gjort Vestlandet til en motor for norsk reiseliv. Assosiasjonene som m\u00e5lgruppene har til Norge, er preget av det spektakul\u00e6re fjordlandskapet. Vestlandet har et godt utgangspunkt og betydelig internasjonalt potensiale til \u00e5 lykkes i \u00e5rene fremover ogs\u00e5.<\/p>\n\n\n\n<p><strong>Merkevaren <\/strong>er fundament for all felles kommunikasjon overfor internasjonale m\u00e5lgrupper, turoperat\u00f8rer og medier. Merkevaren kan ogs\u00e5 brukes av hver enkelt akt\u00f8r og destinasjon for \u00e5 forsterke egne merkevarer gjennom kommunikasjon og produktutvikling.<\/p>\n\n\n\n<h3 class=\"wp-block-heading\">V\u00e5r felles merkevare<\/h3>\n\n\n\n<p>Verden er i endring og merkevaren er oppdatert for en ny tid for \u00e5 styrke Vestlandets aktualitet og konkurranseevne. \u00abFjord Norway\u00bb er en fortelling om en forfriskende, b\u00e6rekraftig og unik region med en skaperkraft som er inspirert av v\u00e5re kontrastfylte omgivelser.<\/p>\n\n\n\n<p>Vestlandet gj\u00f8r noe med oss som bor her - og de som kommer hit.<\/p>\n","protected":false},"excerpt":{"rendered":"<p>I 32 \u00e5r har reiselivet p\u00e5 Vestlandet jobbet samlet om \u00e5 gj\u00f8re landsdelen internasjonalt synlig og kjent gjennom merkevaren \u00abFjord Norway\u00bb. Dette har gjort Vestlandet til en motor for norsk reiseliv. Assosiasjonene som m\u00e5lgruppene har til Norge, er preget av det spektakul\u00e6re fjordlandskapet. Vestlandet har et godt utgangspunkt og betydelig internasjonalt potensiale til \u00e5 lykkes [&hellip;]<\/p>\n","protected":false},"author":1,"featured_media":394,"comment_status":"open","ping_status":"open","sticky":false,"template":"","format":"standard","meta":{"_acf_changed":false,"_seopress_robots_primary_cat":"none","_seopress_titles_title":"","_seopress_titles_desc":"","_seopress_robots_index":"","footnotes":""},"categories":[2],"tags":[],"class_list":["post-266","post","type-post","status-publish","format-standard","has-post-thumbnail","hentry","category-forbrukerkommunikasjon"],"acf":[],"_links":{"self":[{"href":"https:\/\/aarsberetning.fjordnorway.com\/2024\/wp-json\/wp\/v2\/posts\/266","targetHints":{"allow":["GET"]}}],"collection":[{"href":"https:\/\/aarsberetning.fjordnorway.com\/2024\/wp-json\/wp\/v2\/posts"}],"about":[{"href":"https:\/\/aarsberetning.fjordnorway.com\/2024\/wp-json\/wp\/v2\/types\/post"}],"author":[{"embeddable":true,"href":"https:\/\/aarsberetning.fjordnorway.com\/2024\/wp-json\/wp\/v2\/users\/1"}],"replies":[{"embeddable":true,"href":"https:\/\/aarsberetning.fjordnorway.com\/2024\/wp-json\/wp\/v2\/comments?post=266"}],"version-history":[{"count":30,"href":"https:\/\/aarsberetning.fjordnorway.com\/2024\/wp-json\/wp\/v2\/posts\/266\/revisions"}],"predecessor-version":[{"id":1027,"href":"https:\/\/aarsberetning.fjordnorway.com\/2024\/wp-json\/wp\/v2\/posts\/266\/revisions\/1027"}],"wp:featuredmedia":[{"embeddable":true,"href":"https:\/\/aarsberetning.fjordnorway.com\/2024\/wp-json\/wp\/v2\/media\/394"}],"wp:attachment":[{"href":"https:\/\/aarsberetning.fjordnorway.com\/2024\/wp-json\/wp\/v2\/media?parent=266"}],"wp:term":[{"taxonomy":"category","embeddable":true,"href":"https:\/\/aarsberetning.fjordnorway.com\/2024\/wp-json\/wp\/v2\/categories?post=266"},{"taxonomy":"post_tag","embeddable":true,"href":"https:\/\/aarsberetning.fjordnorway.com\/2024\/wp-json\/wp\/v2\/tags?post=266"}],"curies":[{"name":"wp","href":"https:\/\/api.w.org\/{rel}","templated":true}]}}